{"id":5211,"date":"2024-07-26T10:37:12","date_gmt":"2024-07-26T10:37:12","guid":{"rendered":"https:\/\/www.iks-fenster.hr\/besuchen-sie-uns-auf-der-promoarch-in-porec\/"},"modified":"2024-10-31T11:49:59","modified_gmt":"2024-10-31T11:49:59","slug":"besuchen-sie-uns-auf-der-promoarch-in-porec","status":"publish","type":"post","link":"https:\/\/www.iks-fenster.hr\/de\/besuchen-sie-uns-auf-der-promoarch-in-porec\/","title":{"rendered":"BESUCHEN SIE UNS AUF DER PROMOARCH IN PORE\u010c"},"content":{"rendered":"\t\t<div data-elementor-type=\"wp-post\" data-elementor-id=\"5211\" class=\"elementor elementor-5211\" data-elementor-post-type=\"post\">\n\t\t\t\t<div class=\"elementor-element elementor-element-da77139 e-flex e-con-boxed e-con e-parent\" data-id=\"da77139\" data-element_type=\"container\" data-settings=\"{&quot;background_background&quot;:&quot;classic&quot;}\">\n\t\t\t\t\t<div class=\"e-con-inner\">\n\t\t<div class=\"elementor-element elementor-element-38e1cfa e-con-full e-flex e-con e-parent\" data-id=\"38e1cfa\" data-element_type=\"container\">\n\t\t\t\t<div class=\"elementor-element elementor-element-b079b72 elementor-widget elementor-widget-heading\" data-id=\"b079b72\" data-element_type=\"widget\" data-widget_type=\"heading.default\">\n\t\t\t\t<div class=\"elementor-widget-container\">\n\t\t\t\t\t<h2 class=\"elementor-heading-title elementor-size-default\">Besuchen Sie uns auf der PromoArch FAIR in Pore\u010d<\/h2>\t\t\t\t<\/div>\n\t\t\t\t<\/div>\n\t\t\t\t<\/div>\n\t\t<div class=\"elementor-element elementor-element-ac5af27 e-con-full e-flex e-con e-parent\" data-id=\"ac5af27\" data-element_type=\"container\">\n\t\t\t\t<div class=\"elementor-element elementor-element-686cdc8 elementor-widget elementor-widget-image\" data-id=\"686cdc8\" data-element_type=\"widget\" data-widget_type=\"image.default\">\n\t\t\t\t<div class=\"elementor-widget-container\">\n\t\t\t\t\t\t\t\t\t\t\t\t\t\t\t<img fetchpriority=\"high\" decoding=\"async\" width=\"800\" height=\"480\" src=\"https:\/\/www.iks-fenster.hr\/wp-content\/uploads\/2024\/07\/promoarh_2024_1000x600px.jpg\" class=\"attachment-large size-large wp-image-4764\" alt=\"\" srcset=\"https:\/\/www.iks-fenster.hr\/wp-content\/uploads\/2024\/07\/promoarh_2024_1000x600px.jpg 1000w, https:\/\/www.iks-fenster.hr\/wp-content\/uploads\/2024\/07\/promoarh_2024_1000x600px-300x180.jpg 300w, https:\/\/www.iks-fenster.hr\/wp-content\/uploads\/2024\/07\/promoarh_2024_1000x600px-768x461.jpg 768w\" sizes=\"(max-width: 800px) 100vw, 800px\" \/>\t\t\t\t\t\t\t\t\t\t\t\t\t\t\t<\/div>\n\t\t\t\t<\/div>\n\t\t\t\t<\/div>\n\t\t\t\t\t<\/div>\n\t\t\t\t<\/div>\n\t\t<div class=\"elementor-element elementor-element-c94f267 e-flex e-con-boxed e-con e-parent\" data-id=\"c94f267\" data-element_type=\"container\">\n\t\t\t\t\t<div class=\"e-con-inner\">\n\t\t\t\t<div class=\"elementor-element elementor-element-524d282 elementor-widget elementor-widget-text-editor\" data-id=\"524d282\" data-element_type=\"widget\" data-widget_type=\"text-editor.default\">\n\t\t\t\t<div class=\"elementor-widget-container\">\n\t\t\t\t\t\t\t\t\t<h4>Verpassen Sie nicht die 4. internationale Bau-, Einrichtungs- und Dekorationsmesse \u2013 PromoArh! <\/h4>\n<p>Mit mehr als 80 Ausstellern und 250 Marken setzt PromoArh die Tradition fort, inl\u00e4ndische und ausl\u00e4ndische Unternehmen mit Partnern und Kunden zu verbinden und bietet den perfekten Ort f\u00fcr den Austausch von Ideen und Innovationen.<\/p>\n<p>PromoArh ist ein Ort, an dem inl\u00e4ndische und ausl\u00e4ndische Unternehmen im Baubereich mit bestehenden und potenziellen Partnern und Kunden zusammenkommen und Kontakte kn\u00fcpfen k\u00f6nnen. Dies bietet Ausstellern eine einzigartige Gelegenheit, ihre Produkte und L\u00f6sungen vor einem Publikum in einem Bereich mit einer halben Million Zuschauern zu pr\u00e4sentieren Menschen f\u00fchlen sich angezogen. Gleichzeitig haben die Teilnehmer die M\u00f6glichkeit, Trends, Innovationen und Dienstleistungen im Bausektor kennenzulernen und gleichzeitig mit potenziellen Kunden in Kontakt zu treten. <\/p>\n<p>Auf der Messe haben Sie die M\u00f6glichkeit, mit unserem fachkundigen und kompetenten Team zu sprechen und gemeinsam mit unserem Vertriebspartner Istraplast stellen wir Ihnen unser aktuelles Angebot vor. Deshalb laden wir Sie vom 18. bis 20. September 2024 zum \u201ePunkt der Verbindung und Verbindung\u201c in- und ausl\u00e4ndischer Unternehmen mit bestehenden und potenziellen Kunden und Partnern in Pore\u010d, der Sporthalle \u017datika, ein.    <\/p>\n\t\t\t\t\t\t\t\t<\/div>\n\t\t\t\t<\/div>\n\t\t\t\t<div class=\"elementor-element elementor-element-0908e60 elementor-widget elementor-widget-image\" data-id=\"0908e60\" data-element_type=\"widget\" data-widget_type=\"image.default\">\n\t\t\t\t<div class=\"elementor-widget-container\">\n\t\t\t\t\t\t\t\t\t\t\t\t\t\t\t<img decoding=\"async\" width=\"800\" height=\"480\" src=\"https:\/\/www.iks-fenster.hr\/wp-content\/uploads\/2023\/07\/IKS-novosti-promoarh.jpg\" class=\"attachment-large size-large wp-image-4095\" alt=\"\" srcset=\"https:\/\/www.iks-fenster.hr\/wp-content\/uploads\/2023\/07\/IKS-novosti-promoarh.jpg 1000w, https:\/\/www.iks-fenster.hr\/wp-content\/uploads\/2023\/07\/IKS-novosti-promoarh-300x180.jpg 300w, https:\/\/www.iks-fenster.hr\/wp-content\/uploads\/2023\/07\/IKS-novosti-promoarh-768x461.jpg 768w\" sizes=\"(max-width: 800px) 100vw, 800px\" \/>\t\t\t\t\t\t\t\t\t\t\t\t\t\t\t<\/div>\n\t\t\t\t<\/div>\n\t\t\t\t\t<\/div>\n\t\t\t\t<\/div>\n\t\t\t\t<\/div>\n\t\t","protected":false},"excerpt":{"rendered":"<p>Besuchen Sie uns auf der PromoArch FAIR in Pore\u010d Verpassen Sie nicht die 4. internationale Bau-, Einrichtungs- und Dekorationsmesse \u2013 PromoArh! Mit mehr als 80 Ausstellern und 250 Marken setzt PromoArh die Tradition fort, inl\u00e4ndische und ausl\u00e4ndische Unternehmen mit Partnern und Kunden zu verbinden und bietet den perfekten Ort f\u00fcr den Austausch von Ideen und [&hellip;]<\/p>\n","protected":false},"author":1,"featured_media":5203,"comment_status":"closed","ping_status":"closed","sticky":false,"template":"elementor_theme","format":"standard","meta":{"_acf_changed":false,"footnotes":""},"categories":[7],"tags":[],"class_list":["post-5211","post","type-post","status-publish","format-standard","has-post-thumbnail","hentry","category-unkategorisiert"],"acf":[],"yoast_head":"<!-- This site is optimized with the Yoast SEO plugin v26.7 - https:\/\/yoast.com\/wordpress\/plugins\/seo\/ -->\n<title>BESUCHEN SIE UNS AUF DER PROMOARCH IN PORE\u010c - IKS Fenster<\/title>\n<meta name=\"robots\" content=\"index, follow, max-snippet:-1, max-image-preview:large, max-video-preview:-1\" \/>\n<link rel=\"canonical\" href=\"https:\/\/www.iks-fenster.hr\/de\/besuchen-sie-uns-auf-der-promoarch-in-porec\/\" \/>\n<meta property=\"og:locale\" content=\"de_DE\" \/>\n<meta property=\"og:type\" content=\"article\" \/>\n<meta property=\"og:title\" content=\"BESUCHEN SIE UNS AUF DER PROMOARCH IN PORE\u010c - IKS Fenster\" \/>\n<meta property=\"og:description\" content=\"Besuchen Sie uns auf der PromoArch FAIR in Pore\u010d Verpassen Sie nicht die 4. internationale Bau-, Einrichtungs- und Dekorationsmesse \u2013 PromoArh! Mit mehr als 80 Ausstellern und 250 Marken setzt PromoArh die Tradition fort, inl\u00e4ndische und ausl\u00e4ndische Unternehmen mit Partnern und Kunden zu verbinden und bietet den perfekten Ort f\u00fcr den Austausch von Ideen und [&hellip;]\" \/>\n<meta property=\"og:url\" content=\"https:\/\/www.iks-fenster.hr\/de\/besuchen-sie-uns-auf-der-promoarch-in-porec\/\" \/>\n<meta property=\"og:site_name\" content=\"IKS Fenster\" \/>\n<meta property=\"article:published_time\" content=\"2024-07-26T10:37:12+00:00\" \/>\n<meta property=\"article:modified_time\" content=\"2024-10-31T11:49:59+00:00\" \/>\n<meta property=\"og:image\" content=\"https:\/\/www.iks-fenster.hr\/wp-content\/uploads\/2024\/07\/promoarh1_2024_1000x600px.jpg\" \/>\n\t<meta property=\"og:image:width\" content=\"1000\" \/>\n\t<meta property=\"og:image:height\" content=\"600\" \/>\n\t<meta property=\"og:image:type\" content=\"image\/jpeg\" \/>\n<meta name=\"author\" content=\"zarko.zdorc@gmail.com\" \/>\n<meta name=\"twitter:card\" content=\"summary_large_image\" \/>\n<meta name=\"twitter:label1\" content=\"Verfasst von\" \/>\n\t<meta name=\"twitter:data1\" content=\"zarko.zdorc@gmail.com\" \/>\n\t<meta name=\"twitter:label2\" content=\"Gesch\u00e4tzte Lesezeit\" \/>\n\t<meta name=\"twitter:data2\" content=\"1\u00a0Minute\" \/>\n<script type=\"application\/ld+json\" class=\"yoast-schema-graph\">{\"@context\":\"https:\/\/schema.org\",\"@graph\":[{\"@type\":\"Article\",\"@id\":\"https:\/\/www.iks-fenster.hr\/de\/besuchen-sie-uns-auf-der-promoarch-in-porec\/#article\",\"isPartOf\":{\"@id\":\"https:\/\/www.iks-fenster.hr\/de\/besuchen-sie-uns-auf-der-promoarch-in-porec\/\"},\"author\":{\"name\":\"zarko.zdorc@gmail.com\",\"@id\":\"https:\/\/www.iks-fenster.hr\/de\/#\/schema\/person\/39abf21fffec48d1ecab37dc37bd581e\"},\"headline\":\"BESUCHEN SIE UNS AUF DER PROMOARCH IN PORE\u010c\",\"datePublished\":\"2024-07-26T10:37:12+00:00\",\"dateModified\":\"2024-10-31T11:49:59+00:00\",\"mainEntityOfPage\":{\"@id\":\"https:\/\/www.iks-fenster.hr\/de\/besuchen-sie-uns-auf-der-promoarch-in-porec\/\"},\"wordCount\":204,\"publisher\":{\"@id\":\"https:\/\/www.iks-fenster.hr\/de\/#organization\"},\"image\":{\"@id\":\"https:\/\/www.iks-fenster.hr\/de\/besuchen-sie-uns-auf-der-promoarch-in-porec\/#primaryimage\"},\"thumbnailUrl\":\"https:\/\/www.iks-fenster.hr\/wp-content\/uploads\/2024\/07\/promoarh1_2024_1000x600px.jpg\",\"articleSection\":[\"Unkategorisiert\"],\"inLanguage\":\"de\"},{\"@type\":\"WebPage\",\"@id\":\"https:\/\/www.iks-fenster.hr\/de\/besuchen-sie-uns-auf-der-promoarch-in-porec\/\",\"url\":\"https:\/\/www.iks-fenster.hr\/de\/besuchen-sie-uns-auf-der-promoarch-in-porec\/\",\"name\":\"BESUCHEN SIE UNS AUF DER PROMOARCH IN PORE\u010c - IKS Fenster\",\"isPartOf\":{\"@id\":\"https:\/\/www.iks-fenster.hr\/de\/#website\"},\"primaryImageOfPage\":{\"@id\":\"https:\/\/www.iks-fenster.hr\/de\/besuchen-sie-uns-auf-der-promoarch-in-porec\/#primaryimage\"},\"image\":{\"@id\":\"https:\/\/www.iks-fenster.hr\/de\/besuchen-sie-uns-auf-der-promoarch-in-porec\/#primaryimage\"},\"thumbnailUrl\":\"https:\/\/www.iks-fenster.hr\/wp-content\/uploads\/2024\/07\/promoarh1_2024_1000x600px.jpg\",\"datePublished\":\"2024-07-26T10:37:12+00:00\",\"dateModified\":\"2024-10-31T11:49:59+00:00\",\"breadcrumb\":{\"@id\":\"https:\/\/www.iks-fenster.hr\/de\/besuchen-sie-uns-auf-der-promoarch-in-porec\/#breadcrumb\"},\"inLanguage\":\"de\",\"potentialAction\":[{\"@type\":\"ReadAction\",\"target\":[\"https:\/\/www.iks-fenster.hr\/de\/besuchen-sie-uns-auf-der-promoarch-in-porec\/\"]}]},{\"@type\":\"ImageObject\",\"inLanguage\":\"de\",\"@id\":\"https:\/\/www.iks-fenster.hr\/de\/besuchen-sie-uns-auf-der-promoarch-in-porec\/#primaryimage\",\"url\":\"https:\/\/www.iks-fenster.hr\/wp-content\/uploads\/2024\/07\/promoarh1_2024_1000x600px.jpg\",\"contentUrl\":\"https:\/\/www.iks-fenster.hr\/wp-content\/uploads\/2024\/07\/promoarh1_2024_1000x600px.jpg\",\"width\":1000,\"height\":600},{\"@type\":\"BreadcrumbList\",\"@id\":\"https:\/\/www.iks-fenster.hr\/de\/besuchen-sie-uns-auf-der-promoarch-in-porec\/#breadcrumb\",\"itemListElement\":[{\"@type\":\"ListItem\",\"position\":1,\"name\":\"Home\",\"item\":\"https:\/\/www.iks-fenster.hr\/de\/startseite\/\"},{\"@type\":\"ListItem\",\"position\":2,\"name\":\"BESUCHEN SIE UNS AUF DER PROMOARCH IN PORE\u010c\"}]},{\"@type\":\"WebSite\",\"@id\":\"https:\/\/www.iks-fenster.hr\/de\/#website\",\"url\":\"https:\/\/www.iks-fenster.hr\/de\/\",\"name\":\"IKS Fenster\",\"description\":\"\",\"publisher\":{\"@id\":\"https:\/\/www.iks-fenster.hr\/de\/#organization\"},\"potentialAction\":[{\"@type\":\"SearchAction\",\"target\":{\"@type\":\"EntryPoint\",\"urlTemplate\":\"https:\/\/www.iks-fenster.hr\/de\/?s={search_term_string}\"},\"query-input\":{\"@type\":\"PropertyValueSpecification\",\"valueRequired\":true,\"valueName\":\"search_term_string\"}}],\"inLanguage\":\"de\"},{\"@type\":\"Organization\",\"@id\":\"https:\/\/www.iks-fenster.hr\/de\/#organization\",\"name\":\"IKS Fenster\",\"url\":\"https:\/\/www.iks-fenster.hr\/de\/\",\"logo\":{\"@type\":\"ImageObject\",\"inLanguage\":\"de\",\"@id\":\"https:\/\/www.iks-fenster.hr\/de\/#\/schema\/logo\/image\/\",\"url\":\"https:\/\/iks-fenster.hr\/wp-content\/uploads\/2021\/03\/IKS-Fenster-Logo.png\",\"contentUrl\":\"https:\/\/iks-fenster.hr\/wp-content\/uploads\/2021\/03\/IKS-Fenster-Logo.png\",\"width\":612,\"height\":236,\"caption\":\"IKS Fenster\"},\"image\":{\"@id\":\"https:\/\/www.iks-fenster.hr\/de\/#\/schema\/logo\/image\/\"}},{\"@type\":\"Person\",\"@id\":\"https:\/\/www.iks-fenster.hr\/de\/#\/schema\/person\/39abf21fffec48d1ecab37dc37bd581e\",\"name\":\"zarko.zdorc@gmail.com\",\"image\":{\"@type\":\"ImageObject\",\"inLanguage\":\"de\",\"@id\":\"https:\/\/www.iks-fenster.hr\/de\/#\/schema\/person\/image\/\",\"url\":\"https:\/\/secure.gravatar.com\/avatar\/832c29da71bc73a4cce3f8f4f21ac0d550057ae2125f0d58c4507f317fc0561f?s=96&d=mm&r=g\",\"contentUrl\":\"https:\/\/secure.gravatar.com\/avatar\/832c29da71bc73a4cce3f8f4f21ac0d550057ae2125f0d58c4507f317fc0561f?s=96&d=mm&r=g\",\"caption\":\"zarko.zdorc@gmail.com\"},\"sameAs\":[\"http:\/\/agencijatrex.com\/iks\"],\"url\":\"https:\/\/www.iks-fenster.hr\/de\/author\/zarko-zdorcgmail-com\/\"}]}<\/script>\n<!-- \/ Yoast SEO plugin. -->","yoast_head_json":{"title":"BESUCHEN SIE UNS AUF DER PROMOARCH IN PORE\u010c - IKS Fenster","robots":{"index":"index","follow":"follow","max-snippet":"max-snippet:-1","max-image-preview":"max-image-preview:large","max-video-preview":"max-video-preview:-1"},"canonical":"https:\/\/www.iks-fenster.hr\/de\/besuchen-sie-uns-auf-der-promoarch-in-porec\/","og_locale":"de_DE","og_type":"article","og_title":"BESUCHEN SIE UNS AUF DER PROMOARCH IN PORE\u010c - IKS Fenster","og_description":"Besuchen Sie uns auf der PromoArch FAIR in Pore\u010d Verpassen Sie nicht die 4. internationale Bau-, Einrichtungs- und Dekorationsmesse \u2013 PromoArh! Mit mehr als 80 Ausstellern und 250 Marken setzt PromoArh die Tradition fort, inl\u00e4ndische und ausl\u00e4ndische Unternehmen mit Partnern und Kunden zu verbinden und bietet den perfekten Ort f\u00fcr den Austausch von Ideen und [&hellip;]","og_url":"https:\/\/www.iks-fenster.hr\/de\/besuchen-sie-uns-auf-der-promoarch-in-porec\/","og_site_name":"IKS Fenster","article_published_time":"2024-07-26T10:37:12+00:00","article_modified_time":"2024-10-31T11:49:59+00:00","og_image":[{"width":1000,"height":600,"url":"https:\/\/www.iks-fenster.hr\/wp-content\/uploads\/2024\/07\/promoarh1_2024_1000x600px.jpg","type":"image\/jpeg"}],"author":"zarko.zdorc@gmail.com","twitter_card":"summary_large_image","twitter_misc":{"Verfasst von":"zarko.zdorc@gmail.com","Gesch\u00e4tzte Lesezeit":"1\u00a0Minute"},"schema":{"@context":"https:\/\/schema.org","@graph":[{"@type":"Article","@id":"https:\/\/www.iks-fenster.hr\/de\/besuchen-sie-uns-auf-der-promoarch-in-porec\/#article","isPartOf":{"@id":"https:\/\/www.iks-fenster.hr\/de\/besuchen-sie-uns-auf-der-promoarch-in-porec\/"},"author":{"name":"zarko.zdorc@gmail.com","@id":"https:\/\/www.iks-fenster.hr\/de\/#\/schema\/person\/39abf21fffec48d1ecab37dc37bd581e"},"headline":"BESUCHEN SIE UNS AUF DER PROMOARCH IN PORE\u010c","datePublished":"2024-07-26T10:37:12+00:00","dateModified":"2024-10-31T11:49:59+00:00","mainEntityOfPage":{"@id":"https:\/\/www.iks-fenster.hr\/de\/besuchen-sie-uns-auf-der-promoarch-in-porec\/"},"wordCount":204,"publisher":{"@id":"https:\/\/www.iks-fenster.hr\/de\/#organization"},"image":{"@id":"https:\/\/www.iks-fenster.hr\/de\/besuchen-sie-uns-auf-der-promoarch-in-porec\/#primaryimage"},"thumbnailUrl":"https:\/\/www.iks-fenster.hr\/wp-content\/uploads\/2024\/07\/promoarh1_2024_1000x600px.jpg","articleSection":["Unkategorisiert"],"inLanguage":"de"},{"@type":"WebPage","@id":"https:\/\/www.iks-fenster.hr\/de\/besuchen-sie-uns-auf-der-promoarch-in-porec\/","url":"https:\/\/www.iks-fenster.hr\/de\/besuchen-sie-uns-auf-der-promoarch-in-porec\/","name":"BESUCHEN SIE UNS AUF DER PROMOARCH IN PORE\u010c - IKS Fenster","isPartOf":{"@id":"https:\/\/www.iks-fenster.hr\/de\/#website"},"primaryImageOfPage":{"@id":"https:\/\/www.iks-fenster.hr\/de\/besuchen-sie-uns-auf-der-promoarch-in-porec\/#primaryimage"},"image":{"@id":"https:\/\/www.iks-fenster.hr\/de\/besuchen-sie-uns-auf-der-promoarch-in-porec\/#primaryimage"},"thumbnailUrl":"https:\/\/www.iks-fenster.hr\/wp-content\/uploads\/2024\/07\/promoarh1_2024_1000x600px.jpg","datePublished":"2024-07-26T10:37:12+00:00","dateModified":"2024-10-31T11:49:59+00:00","breadcrumb":{"@id":"https:\/\/www.iks-fenster.hr\/de\/besuchen-sie-uns-auf-der-promoarch-in-porec\/#breadcrumb"},"inLanguage":"de","potentialAction":[{"@type":"ReadAction","target":["https:\/\/www.iks-fenster.hr\/de\/besuchen-sie-uns-auf-der-promoarch-in-porec\/"]}]},{"@type":"ImageObject","inLanguage":"de","@id":"https:\/\/www.iks-fenster.hr\/de\/besuchen-sie-uns-auf-der-promoarch-in-porec\/#primaryimage","url":"https:\/\/www.iks-fenster.hr\/wp-content\/uploads\/2024\/07\/promoarh1_2024_1000x600px.jpg","contentUrl":"https:\/\/www.iks-fenster.hr\/wp-content\/uploads\/2024\/07\/promoarh1_2024_1000x600px.jpg","width":1000,"height":600},{"@type":"BreadcrumbList","@id":"https:\/\/www.iks-fenster.hr\/de\/besuchen-sie-uns-auf-der-promoarch-in-porec\/#breadcrumb","itemListElement":[{"@type":"ListItem","position":1,"name":"Home","item":"https:\/\/www.iks-fenster.hr\/de\/startseite\/"},{"@type":"ListItem","position":2,"name":"BESUCHEN SIE UNS AUF DER PROMOARCH IN PORE\u010c"}]},{"@type":"WebSite","@id":"https:\/\/www.iks-fenster.hr\/de\/#website","url":"https:\/\/www.iks-fenster.hr\/de\/","name":"IKS Fenster","description":"","publisher":{"@id":"https:\/\/www.iks-fenster.hr\/de\/#organization"},"potentialAction":[{"@type":"SearchAction","target":{"@type":"EntryPoint","urlTemplate":"https:\/\/www.iks-fenster.hr\/de\/?s={search_term_string}"},"query-input":{"@type":"PropertyValueSpecification","valueRequired":true,"valueName":"search_term_string"}}],"inLanguage":"de"},{"@type":"Organization","@id":"https:\/\/www.iks-fenster.hr\/de\/#organization","name":"IKS Fenster","url":"https:\/\/www.iks-fenster.hr\/de\/","logo":{"@type":"ImageObject","inLanguage":"de","@id":"https:\/\/www.iks-fenster.hr\/de\/#\/schema\/logo\/image\/","url":"https:\/\/iks-fenster.hr\/wp-content\/uploads\/2021\/03\/IKS-Fenster-Logo.png","contentUrl":"https:\/\/iks-fenster.hr\/wp-content\/uploads\/2021\/03\/IKS-Fenster-Logo.png","width":612,"height":236,"caption":"IKS Fenster"},"image":{"@id":"https:\/\/www.iks-fenster.hr\/de\/#\/schema\/logo\/image\/"}},{"@type":"Person","@id":"https:\/\/www.iks-fenster.hr\/de\/#\/schema\/person\/39abf21fffec48d1ecab37dc37bd581e","name":"zarko.zdorc@gmail.com","image":{"@type":"ImageObject","inLanguage":"de","@id":"https:\/\/www.iks-fenster.hr\/de\/#\/schema\/person\/image\/","url":"https:\/\/secure.gravatar.com\/avatar\/832c29da71bc73a4cce3f8f4f21ac0d550057ae2125f0d58c4507f317fc0561f?s=96&d=mm&r=g","contentUrl":"https:\/\/secure.gravatar.com\/avatar\/832c29da71bc73a4cce3f8f4f21ac0d550057ae2125f0d58c4507f317fc0561f?s=96&d=mm&r=g","caption":"zarko.zdorc@gmail.com"},"sameAs":["http:\/\/agencijatrex.com\/iks"],"url":"https:\/\/www.iks-fenster.hr\/de\/author\/zarko-zdorcgmail-com\/"}]}},"_links":{"self":[{"href":"https:\/\/www.iks-fenster.hr\/de\/wp-json\/wp\/v2\/posts\/5211","targetHints":{"allow":["GET"]}}],"collection":[{"href":"https:\/\/www.iks-fenster.hr\/de\/wp-json\/wp\/v2\/posts"}],"about":[{"href":"https:\/\/www.iks-fenster.hr\/de\/wp-json\/wp\/v2\/types\/post"}],"author":[{"embeddable":true,"href":"https:\/\/www.iks-fenster.hr\/de\/wp-json\/wp\/v2\/users\/1"}],"replies":[{"embeddable":true,"href":"https:\/\/www.iks-fenster.hr\/de\/wp-json\/wp\/v2\/comments?post=5211"}],"version-history":[{"count":1,"href":"https:\/\/www.iks-fenster.hr\/de\/wp-json\/wp\/v2\/posts\/5211\/revisions"}],"predecessor-version":[{"id":5212,"href":"https:\/\/www.iks-fenster.hr\/de\/wp-json\/wp\/v2\/posts\/5211\/revisions\/5212"}],"wp:featuredmedia":[{"embeddable":true,"href":"https:\/\/www.iks-fenster.hr\/de\/wp-json\/wp\/v2\/media\/5203"}],"wp:attachment":[{"href":"https:\/\/www.iks-fenster.hr\/de\/wp-json\/wp\/v2\/media?parent=5211"}],"wp:term":[{"taxonomy":"category","embeddable":true,"href":"https:\/\/www.iks-fenster.hr\/de\/wp-json\/wp\/v2\/categories?post=5211"},{"taxonomy":"post_tag","embeddable":true,"href":"https:\/\/www.iks-fenster.hr\/de\/wp-json\/wp\/v2\/tags?post=5211"}],"curies":[{"name":"wp","href":"https:\/\/api.w.org\/{rel}","templated":true}]}}