{"id":5214,"date":"2024-07-26T10:18:29","date_gmt":"2024-07-26T10:18:29","guid":{"rendered":"https:\/\/www.iks-fenster.hr\/iks-fenster-ueber-das-ambiente-2024\/"},"modified":"2024-09-10T10:52:22","modified_gmt":"2024-09-10T10:52:22","slug":"iks-fenster-ueber-das-ambiente-2024","status":"publish","type":"post","link":"https:\/\/www.iks-fenster.hr\/de\/iks-fenster-ueber-das-ambiente-2024\/","title":{"rendered":"IKS FENSTER \u00dcBER DAS AMBIENTE 2024."},"content":{"rendered":"\t\t<div data-elementor-type=\"wp-post\" data-elementor-id=\"5214\" class=\"elementor elementor-5214\" data-elementor-post-type=\"post\">\n\t\t\t\t<div class=\"elementor-element elementor-element-a2b29d2 e-flex e-con-boxed e-con e-parent\" data-id=\"a2b29d2\" data-element_type=\"container\" data-settings=\"{&quot;background_background&quot;:&quot;classic&quot;}\">\n\t\t\t\t\t<div class=\"e-con-inner\">\n\t\t<div class=\"elementor-element elementor-element-c30a3dd e-con-full e-flex e-con e-parent\" data-id=\"c30a3dd\" data-element_type=\"container\">\n\t\t\t\t<div class=\"elementor-element elementor-element-a4b2d4f elementor-widget elementor-widget-heading\" data-id=\"a4b2d4f\" data-element_type=\"widget\" data-widget_type=\"heading.default\">\n\t\t\t\t<div class=\"elementor-widget-container\">\n\t\t\t\t\t<h2 class=\"elementor-heading-title elementor-size-default\">IKS FENSTER \u00dcBER DAS AMBIENTE 2024.<\/h2>\t\t\t\t<\/div>\n\t\t\t\t<\/div>\n\t\t\t\t<\/div>\n\t\t<div class=\"elementor-element elementor-element-d67befa e-con-full e-flex e-con e-parent\" data-id=\"d67befa\" data-element_type=\"container\">\n\t\t\t\t<div class=\"elementor-element elementor-element-6969055 elementor-widget elementor-widget-image\" data-id=\"6969055\" data-element_type=\"widget\" data-widget_type=\"image.default\">\n\t\t\t\t<div class=\"elementor-widget-container\">\n\t\t\t\t\t\t\t\t\t\t\t\t\t\t\t<img fetchpriority=\"high\" decoding=\"async\" width=\"800\" height=\"480\" src=\"https:\/\/www.iks-fenster.hr\/wp-content\/uploads\/2023\/07\/ambienta_2024_1000x600.jpg\" class=\"attachment-large size-large wp-image-5201\" alt=\"\" srcset=\"https:\/\/www.iks-fenster.hr\/wp-content\/uploads\/2023\/07\/ambienta_2024_1000x600.jpg 1000w, https:\/\/www.iks-fenster.hr\/wp-content\/uploads\/2023\/07\/ambienta_2024_1000x600-300x180.jpg 300w, https:\/\/www.iks-fenster.hr\/wp-content\/uploads\/2023\/07\/ambienta_2024_1000x600-768x461.jpg 768w\" sizes=\"(max-width: 800px) 100vw, 800px\" \/>\t\t\t\t\t\t\t\t\t\t\t\t\t\t\t<\/div>\n\t\t\t\t<\/div>\n\t\t\t\t<\/div>\n\t\t\t\t\t<\/div>\n\t\t\t\t<\/div>\n\t\t<div class=\"elementor-element elementor-element-ac2148b e-flex e-con-boxed e-con e-parent\" data-id=\"ac2148b\" data-element_type=\"container\">\n\t\t\t\t\t<div class=\"e-con-inner\">\n\t\t\t\t<div class=\"elementor-element elementor-element-43f091b elementor-widget elementor-widget-text-editor\" data-id=\"43f091b\" data-element_type=\"widget\" data-widget_type=\"text-editor.default\">\n\t\t\t\t<div class=\"elementor-widget-container\">\n\t\t\t\t\t\t\t\t\t<h4>Ambienta, die 51. internationale Messe f\u00fcr M\u00f6bel, Innendekoration und verwandte Branchen <\/h4>\n<p>Besuchen Sie uns diesen Herbst vom 17. bis 20. Oktober auf der Zagreber Messe bei der 51. Ausgabe der Ambienta-Messe, die sich dem M\u00f6bel- und Innendesign widmet.  <\/p>\n<p>In diesem Herbst wird uns die Ambienta mit einer Vielzahl innovativer L\u00f6sungen f\u00fcr die Dekoration und Ausstattung von Innen- und Au\u00dfenbereichen, die Neugestaltung von Wohnungen und B\u00fcror\u00e4umen inspirieren, uns das Potenzial der heimischen Industrie zeigen und ausl\u00e4ndische Marken vorstellen.<\/p>\n<p>IKS Fenster ist ein Unternehmen mit umfangreicher Erfahrung in der Herstellung von PVC- und Aluminiumfenstern, mit deren Produktion wir 1991 als erste in Zagreb begannen.  Unsere Fenster und T\u00fcren werden aus den hochwertigsten Materialien gefertigt, und unsere Experten haben jedes Detail sorgf\u00e4ltig entworfen \u2013 von den Profilen und Beschl\u00e4gen bis hin zu den Verglasungen \u2013 um jede Einzelheit an die individuellen Bed\u00fcrfnisse und W\u00fcnsche unserer Kunden anzupassen.<\/p>\n<p><b>Besuchen Sie uns vom 17.-20. Oktober 2024 auf der Ambienta, Pavillon 9, Ausstellungspavillon Platz 27 und \u00fcberzeugen Sie sich selbst von der gro\u00dfen Auswahl an Qualit\u00e4tsprodukten von IKS Fenster.    <\/b><\/p>\n\t\t\t\t\t\t\t\t<\/div>\n\t\t\t\t<\/div>\n\t\t\t\t\t<\/div>\n\t\t\t\t<\/div>\n\t\t\t\t<\/div>\n\t\t","protected":false},"excerpt":{"rendered":"<p>IKS FENSTER \u00dcBER DAS AMBIENTE 2024. Ambienta, die 51. internationale Messe f\u00fcr M\u00f6bel, Innendekoration und verwandte Branchen Besuchen Sie uns diesen Herbst vom 17. bis 20. Oktober auf der Zagreber Messe bei der 51. Ausgabe der Ambienta-Messe, die sich dem M\u00f6bel- und Innendesign widmet. In diesem Herbst wird uns die Ambienta mit einer Vielzahl innovativer [&hellip;]<\/p>\n","protected":false},"author":1,"featured_media":5201,"comment_status":"open","ping_status":"open","sticky":false,"template":"","format":"standard","meta":{"_acf_changed":false,"footnotes":""},"categories":[7],"tags":[],"class_list":["post-5214","post","type-post","status-publish","format-standard","has-post-thumbnail","hentry","category-unkategorisiert"],"acf":[],"yoast_head":"<!-- This site is optimized with the Yoast SEO plugin v26.7 - https:\/\/yoast.com\/wordpress\/plugins\/seo\/ -->\n<title>IKS FENSTER \u00dcBER DAS AMBIENTE 2024. - IKS Fenster<\/title>\n<meta name=\"robots\" content=\"index, follow, max-snippet:-1, max-image-preview:large, max-video-preview:-1\" \/>\n<link rel=\"canonical\" href=\"https:\/\/www.iks-fenster.hr\/de\/iks-fenster-ueber-das-ambiente-2024\/\" \/>\n<meta property=\"og:locale\" content=\"de_DE\" \/>\n<meta property=\"og:type\" content=\"article\" \/>\n<meta property=\"og:title\" content=\"IKS FENSTER \u00dcBER DAS AMBIENTE 2024. - IKS Fenster\" \/>\n<meta property=\"og:description\" content=\"IKS FENSTER \u00dcBER DAS AMBIENTE 2024. Ambienta, die 51. internationale Messe f\u00fcr M\u00f6bel, Innendekoration und verwandte Branchen Besuchen Sie uns diesen Herbst vom 17. bis 20. Oktober auf der Zagreber Messe bei der 51. Ausgabe der Ambienta-Messe, die sich dem M\u00f6bel- und Innendesign widmet. In diesem Herbst wird uns die Ambienta mit einer Vielzahl innovativer [&hellip;]\" \/>\n<meta property=\"og:url\" content=\"https:\/\/www.iks-fenster.hr\/de\/iks-fenster-ueber-das-ambiente-2024\/\" \/>\n<meta property=\"og:site_name\" content=\"IKS Fenster\" \/>\n<meta property=\"article:published_time\" content=\"2024-07-26T10:18:29+00:00\" \/>\n<meta property=\"article:modified_time\" content=\"2024-09-10T10:52:22+00:00\" \/>\n<meta property=\"og:image\" content=\"https:\/\/www.iks-fenster.hr\/wp-content\/uploads\/2023\/07\/ambienta_2024_1000x600.jpg\" \/>\n\t<meta property=\"og:image:width\" content=\"1000\" \/>\n\t<meta property=\"og:image:height\" content=\"600\" \/>\n\t<meta property=\"og:image:type\" content=\"image\/jpeg\" \/>\n<meta name=\"author\" content=\"zarko.zdorc@gmail.com\" \/>\n<meta name=\"twitter:card\" content=\"summary_large_image\" \/>\n<meta name=\"twitter:label1\" content=\"Verfasst von\" \/>\n\t<meta name=\"twitter:data1\" content=\"zarko.zdorc@gmail.com\" \/>\n\t<meta name=\"twitter:label2\" content=\"Gesch\u00e4tzte Lesezeit\" \/>\n\t<meta name=\"twitter:data2\" content=\"1\u00a0Minute\" \/>\n<script type=\"application\/ld+json\" class=\"yoast-schema-graph\">{\"@context\":\"https:\/\/schema.org\",\"@graph\":[{\"@type\":\"Article\",\"@id\":\"https:\/\/www.iks-fenster.hr\/de\/iks-fenster-ueber-das-ambiente-2024\/#article\",\"isPartOf\":{\"@id\":\"https:\/\/www.iks-fenster.hr\/de\/iks-fenster-ueber-das-ambiente-2024\/\"},\"author\":{\"name\":\"zarko.zdorc@gmail.com\",\"@id\":\"https:\/\/www.iks-fenster.hr\/de\/#\/schema\/person\/39abf21fffec48d1ecab37dc37bd581e\"},\"headline\":\"IKS FENSTER \u00dcBER DAS AMBIENTE 2024.\",\"datePublished\":\"2024-07-26T10:18:29+00:00\",\"dateModified\":\"2024-09-10T10:52:22+00:00\",\"mainEntityOfPage\":{\"@id\":\"https:\/\/www.iks-fenster.hr\/de\/iks-fenster-ueber-das-ambiente-2024\/\"},\"wordCount\":189,\"commentCount\":0,\"publisher\":{\"@id\":\"https:\/\/www.iks-fenster.hr\/de\/#organization\"},\"image\":{\"@id\":\"https:\/\/www.iks-fenster.hr\/de\/iks-fenster-ueber-das-ambiente-2024\/#primaryimage\"},\"thumbnailUrl\":\"https:\/\/www.iks-fenster.hr\/wp-content\/uploads\/2023\/07\/ambienta_2024_1000x600.jpg\",\"articleSection\":[\"Unkategorisiert\"],\"inLanguage\":\"de\",\"potentialAction\":[{\"@type\":\"CommentAction\",\"name\":\"Comment\",\"target\":[\"https:\/\/www.iks-fenster.hr\/de\/iks-fenster-ueber-das-ambiente-2024\/#respond\"]}]},{\"@type\":\"WebPage\",\"@id\":\"https:\/\/www.iks-fenster.hr\/de\/iks-fenster-ueber-das-ambiente-2024\/\",\"url\":\"https:\/\/www.iks-fenster.hr\/de\/iks-fenster-ueber-das-ambiente-2024\/\",\"name\":\"IKS FENSTER \u00dcBER DAS AMBIENTE 2024. - IKS Fenster\",\"isPartOf\":{\"@id\":\"https:\/\/www.iks-fenster.hr\/de\/#website\"},\"primaryImageOfPage\":{\"@id\":\"https:\/\/www.iks-fenster.hr\/de\/iks-fenster-ueber-das-ambiente-2024\/#primaryimage\"},\"image\":{\"@id\":\"https:\/\/www.iks-fenster.hr\/de\/iks-fenster-ueber-das-ambiente-2024\/#primaryimage\"},\"thumbnailUrl\":\"https:\/\/www.iks-fenster.hr\/wp-content\/uploads\/2023\/07\/ambienta_2024_1000x600.jpg\",\"datePublished\":\"2024-07-26T10:18:29+00:00\",\"dateModified\":\"2024-09-10T10:52:22+00:00\",\"breadcrumb\":{\"@id\":\"https:\/\/www.iks-fenster.hr\/de\/iks-fenster-ueber-das-ambiente-2024\/#breadcrumb\"},\"inLanguage\":\"de\",\"potentialAction\":[{\"@type\":\"ReadAction\",\"target\":[\"https:\/\/www.iks-fenster.hr\/de\/iks-fenster-ueber-das-ambiente-2024\/\"]}]},{\"@type\":\"ImageObject\",\"inLanguage\":\"de\",\"@id\":\"https:\/\/www.iks-fenster.hr\/de\/iks-fenster-ueber-das-ambiente-2024\/#primaryimage\",\"url\":\"https:\/\/www.iks-fenster.hr\/wp-content\/uploads\/2023\/07\/ambienta_2024_1000x600.jpg\",\"contentUrl\":\"https:\/\/www.iks-fenster.hr\/wp-content\/uploads\/2023\/07\/ambienta_2024_1000x600.jpg\",\"width\":1000,\"height\":600},{\"@type\":\"BreadcrumbList\",\"@id\":\"https:\/\/www.iks-fenster.hr\/de\/iks-fenster-ueber-das-ambiente-2024\/#breadcrumb\",\"itemListElement\":[{\"@type\":\"ListItem\",\"position\":1,\"name\":\"Home\",\"item\":\"https:\/\/www.iks-fenster.hr\/de\/startseite\/\"},{\"@type\":\"ListItem\",\"position\":2,\"name\":\"IKS FENSTER \u00dcBER DAS AMBIENTE 2024.\"}]},{\"@type\":\"WebSite\",\"@id\":\"https:\/\/www.iks-fenster.hr\/de\/#website\",\"url\":\"https:\/\/www.iks-fenster.hr\/de\/\",\"name\":\"IKS Fenster\",\"description\":\"\",\"publisher\":{\"@id\":\"https:\/\/www.iks-fenster.hr\/de\/#organization\"},\"potentialAction\":[{\"@type\":\"SearchAction\",\"target\":{\"@type\":\"EntryPoint\",\"urlTemplate\":\"https:\/\/www.iks-fenster.hr\/de\/?s={search_term_string}\"},\"query-input\":{\"@type\":\"PropertyValueSpecification\",\"valueRequired\":true,\"valueName\":\"search_term_string\"}}],\"inLanguage\":\"de\"},{\"@type\":\"Organization\",\"@id\":\"https:\/\/www.iks-fenster.hr\/de\/#organization\",\"name\":\"IKS Fenster\",\"url\":\"https:\/\/www.iks-fenster.hr\/de\/\",\"logo\":{\"@type\":\"ImageObject\",\"inLanguage\":\"de\",\"@id\":\"https:\/\/www.iks-fenster.hr\/de\/#\/schema\/logo\/image\/\",\"url\":\"https:\/\/iks-fenster.hr\/wp-content\/uploads\/2021\/03\/IKS-Fenster-Logo.png\",\"contentUrl\":\"https:\/\/iks-fenster.hr\/wp-content\/uploads\/2021\/03\/IKS-Fenster-Logo.png\",\"width\":612,\"height\":236,\"caption\":\"IKS Fenster\"},\"image\":{\"@id\":\"https:\/\/www.iks-fenster.hr\/de\/#\/schema\/logo\/image\/\"}},{\"@type\":\"Person\",\"@id\":\"https:\/\/www.iks-fenster.hr\/de\/#\/schema\/person\/39abf21fffec48d1ecab37dc37bd581e\",\"name\":\"zarko.zdorc@gmail.com\",\"image\":{\"@type\":\"ImageObject\",\"inLanguage\":\"de\",\"@id\":\"https:\/\/www.iks-fenster.hr\/de\/#\/schema\/person\/image\/\",\"url\":\"https:\/\/secure.gravatar.com\/avatar\/832c29da71bc73a4cce3f8f4f21ac0d550057ae2125f0d58c4507f317fc0561f?s=96&d=mm&r=g\",\"contentUrl\":\"https:\/\/secure.gravatar.com\/avatar\/832c29da71bc73a4cce3f8f4f21ac0d550057ae2125f0d58c4507f317fc0561f?s=96&d=mm&r=g\",\"caption\":\"zarko.zdorc@gmail.com\"},\"sameAs\":[\"http:\/\/agencijatrex.com\/iks\"],\"url\":\"https:\/\/www.iks-fenster.hr\/de\/author\/zarko-zdorcgmail-com\/\"}]}<\/script>\n<!-- \/ Yoast SEO plugin. -->","yoast_head_json":{"title":"IKS FENSTER \u00dcBER DAS AMBIENTE 2024. - IKS Fenster","robots":{"index":"index","follow":"follow","max-snippet":"max-snippet:-1","max-image-preview":"max-image-preview:large","max-video-preview":"max-video-preview:-1"},"canonical":"https:\/\/www.iks-fenster.hr\/de\/iks-fenster-ueber-das-ambiente-2024\/","og_locale":"de_DE","og_type":"article","og_title":"IKS FENSTER \u00dcBER DAS AMBIENTE 2024. - IKS Fenster","og_description":"IKS FENSTER \u00dcBER DAS AMBIENTE 2024. Ambienta, die 51. internationale Messe f\u00fcr M\u00f6bel, Innendekoration und verwandte Branchen Besuchen Sie uns diesen Herbst vom 17. bis 20. Oktober auf der Zagreber Messe bei der 51. Ausgabe der Ambienta-Messe, die sich dem M\u00f6bel- und Innendesign widmet. In diesem Herbst wird uns die Ambienta mit einer Vielzahl innovativer [&hellip;]","og_url":"https:\/\/www.iks-fenster.hr\/de\/iks-fenster-ueber-das-ambiente-2024\/","og_site_name":"IKS Fenster","article_published_time":"2024-07-26T10:18:29+00:00","article_modified_time":"2024-09-10T10:52:22+00:00","og_image":[{"width":1000,"height":600,"url":"https:\/\/www.iks-fenster.hr\/wp-content\/uploads\/2023\/07\/ambienta_2024_1000x600.jpg","type":"image\/jpeg"}],"author":"zarko.zdorc@gmail.com","twitter_card":"summary_large_image","twitter_misc":{"Verfasst von":"zarko.zdorc@gmail.com","Gesch\u00e4tzte Lesezeit":"1\u00a0Minute"},"schema":{"@context":"https:\/\/schema.org","@graph":[{"@type":"Article","@id":"https:\/\/www.iks-fenster.hr\/de\/iks-fenster-ueber-das-ambiente-2024\/#article","isPartOf":{"@id":"https:\/\/www.iks-fenster.hr\/de\/iks-fenster-ueber-das-ambiente-2024\/"},"author":{"name":"zarko.zdorc@gmail.com","@id":"https:\/\/www.iks-fenster.hr\/de\/#\/schema\/person\/39abf21fffec48d1ecab37dc37bd581e"},"headline":"IKS FENSTER \u00dcBER DAS AMBIENTE 2024.","datePublished":"2024-07-26T10:18:29+00:00","dateModified":"2024-09-10T10:52:22+00:00","mainEntityOfPage":{"@id":"https:\/\/www.iks-fenster.hr\/de\/iks-fenster-ueber-das-ambiente-2024\/"},"wordCount":189,"commentCount":0,"publisher":{"@id":"https:\/\/www.iks-fenster.hr\/de\/#organization"},"image":{"@id":"https:\/\/www.iks-fenster.hr\/de\/iks-fenster-ueber-das-ambiente-2024\/#primaryimage"},"thumbnailUrl":"https:\/\/www.iks-fenster.hr\/wp-content\/uploads\/2023\/07\/ambienta_2024_1000x600.jpg","articleSection":["Unkategorisiert"],"inLanguage":"de","potentialAction":[{"@type":"CommentAction","name":"Comment","target":["https:\/\/www.iks-fenster.hr\/de\/iks-fenster-ueber-das-ambiente-2024\/#respond"]}]},{"@type":"WebPage","@id":"https:\/\/www.iks-fenster.hr\/de\/iks-fenster-ueber-das-ambiente-2024\/","url":"https:\/\/www.iks-fenster.hr\/de\/iks-fenster-ueber-das-ambiente-2024\/","name":"IKS FENSTER \u00dcBER DAS AMBIENTE 2024. - IKS Fenster","isPartOf":{"@id":"https:\/\/www.iks-fenster.hr\/de\/#website"},"primaryImageOfPage":{"@id":"https:\/\/www.iks-fenster.hr\/de\/iks-fenster-ueber-das-ambiente-2024\/#primaryimage"},"image":{"@id":"https:\/\/www.iks-fenster.hr\/de\/iks-fenster-ueber-das-ambiente-2024\/#primaryimage"},"thumbnailUrl":"https:\/\/www.iks-fenster.hr\/wp-content\/uploads\/2023\/07\/ambienta_2024_1000x600.jpg","datePublished":"2024-07-26T10:18:29+00:00","dateModified":"2024-09-10T10:52:22+00:00","breadcrumb":{"@id":"https:\/\/www.iks-fenster.hr\/de\/iks-fenster-ueber-das-ambiente-2024\/#breadcrumb"},"inLanguage":"de","potentialAction":[{"@type":"ReadAction","target":["https:\/\/www.iks-fenster.hr\/de\/iks-fenster-ueber-das-ambiente-2024\/"]}]},{"@type":"ImageObject","inLanguage":"de","@id":"https:\/\/www.iks-fenster.hr\/de\/iks-fenster-ueber-das-ambiente-2024\/#primaryimage","url":"https:\/\/www.iks-fenster.hr\/wp-content\/uploads\/2023\/07\/ambienta_2024_1000x600.jpg","contentUrl":"https:\/\/www.iks-fenster.hr\/wp-content\/uploads\/2023\/07\/ambienta_2024_1000x600.jpg","width":1000,"height":600},{"@type":"BreadcrumbList","@id":"https:\/\/www.iks-fenster.hr\/de\/iks-fenster-ueber-das-ambiente-2024\/#breadcrumb","itemListElement":[{"@type":"ListItem","position":1,"name":"Home","item":"https:\/\/www.iks-fenster.hr\/de\/startseite\/"},{"@type":"ListItem","position":2,"name":"IKS FENSTER \u00dcBER DAS AMBIENTE 2024."}]},{"@type":"WebSite","@id":"https:\/\/www.iks-fenster.hr\/de\/#website","url":"https:\/\/www.iks-fenster.hr\/de\/","name":"IKS Fenster","description":"","publisher":{"@id":"https:\/\/www.iks-fenster.hr\/de\/#organization"},"potentialAction":[{"@type":"SearchAction","target":{"@type":"EntryPoint","urlTemplate":"https:\/\/www.iks-fenster.hr\/de\/?s={search_term_string}"},"query-input":{"@type":"PropertyValueSpecification","valueRequired":true,"valueName":"search_term_string"}}],"inLanguage":"de"},{"@type":"Organization","@id":"https:\/\/www.iks-fenster.hr\/de\/#organization","name":"IKS Fenster","url":"https:\/\/www.iks-fenster.hr\/de\/","logo":{"@type":"ImageObject","inLanguage":"de","@id":"https:\/\/www.iks-fenster.hr\/de\/#\/schema\/logo\/image\/","url":"https:\/\/iks-fenster.hr\/wp-content\/uploads\/2021\/03\/IKS-Fenster-Logo.png","contentUrl":"https:\/\/iks-fenster.hr\/wp-content\/uploads\/2021\/03\/IKS-Fenster-Logo.png","width":612,"height":236,"caption":"IKS Fenster"},"image":{"@id":"https:\/\/www.iks-fenster.hr\/de\/#\/schema\/logo\/image\/"}},{"@type":"Person","@id":"https:\/\/www.iks-fenster.hr\/de\/#\/schema\/person\/39abf21fffec48d1ecab37dc37bd581e","name":"zarko.zdorc@gmail.com","image":{"@type":"ImageObject","inLanguage":"de","@id":"https:\/\/www.iks-fenster.hr\/de\/#\/schema\/person\/image\/","url":"https:\/\/secure.gravatar.com\/avatar\/832c29da71bc73a4cce3f8f4f21ac0d550057ae2125f0d58c4507f317fc0561f?s=96&d=mm&r=g","contentUrl":"https:\/\/secure.gravatar.com\/avatar\/832c29da71bc73a4cce3f8f4f21ac0d550057ae2125f0d58c4507f317fc0561f?s=96&d=mm&r=g","caption":"zarko.zdorc@gmail.com"},"sameAs":["http:\/\/agencijatrex.com\/iks"],"url":"https:\/\/www.iks-fenster.hr\/de\/author\/zarko-zdorcgmail-com\/"}]}},"_links":{"self":[{"href":"https:\/\/www.iks-fenster.hr\/de\/wp-json\/wp\/v2\/posts\/5214","targetHints":{"allow":["GET"]}}],"collection":[{"href":"https:\/\/www.iks-fenster.hr\/de\/wp-json\/wp\/v2\/posts"}],"about":[{"href":"https:\/\/www.iks-fenster.hr\/de\/wp-json\/wp\/v2\/types\/post"}],"author":[{"embeddable":true,"href":"https:\/\/www.iks-fenster.hr\/de\/wp-json\/wp\/v2\/users\/1"}],"replies":[{"embeddable":true,"href":"https:\/\/www.iks-fenster.hr\/de\/wp-json\/wp\/v2\/comments?post=5214"}],"version-history":[{"count":2,"href":"https:\/\/www.iks-fenster.hr\/de\/wp-json\/wp\/v2\/posts\/5214\/revisions"}],"predecessor-version":[{"id":5218,"href":"https:\/\/www.iks-fenster.hr\/de\/wp-json\/wp\/v2\/posts\/5214\/revisions\/5218"}],"wp:featuredmedia":[{"embeddable":true,"href":"https:\/\/www.iks-fenster.hr\/de\/wp-json\/wp\/v2\/media\/5201"}],"wp:attachment":[{"href":"https:\/\/www.iks-fenster.hr\/de\/wp-json\/wp\/v2\/media?parent=5214"}],"wp:term":[{"taxonomy":"category","embeddable":true,"href":"https:\/\/www.iks-fenster.hr\/de\/wp-json\/wp\/v2\/categories?post=5214"},{"taxonomy":"post_tag","embeddable":true,"href":"https:\/\/www.iks-fenster.hr\/de\/wp-json\/wp\/v2\/tags?post=5214"}],"curies":[{"name":"wp","href":"https:\/\/api.w.org\/{rel}","templated":true}]}}