{"id":5228,"date":"2023-07-28T11:41:35","date_gmt":"2023-07-28T11:41:35","guid":{"rendered":"https:\/\/www.iks-fenster.hr\/interne-belueftung\/"},"modified":"2024-09-10T10:52:28","modified_gmt":"2024-09-10T10:52:28","slug":"interne-belueftung","status":"publish","type":"post","link":"https:\/\/www.iks-fenster.hr\/de\/interne-belueftung\/","title":{"rendered":"INTERNE BEL\u00dcFTUNG"},"content":{"rendered":"\t\t<div data-elementor-type=\"wp-post\" data-elementor-id=\"5228\" class=\"elementor elementor-5228 elementor-4225\" data-elementor-post-type=\"post\">\n\t\t\t\t<div class=\"elementor-element elementor-element-da77139 e-flex e-con-boxed e-con e-parent\" data-id=\"da77139\" data-element_type=\"container\" data-settings=\"{&quot;background_background&quot;:&quot;classic&quot;}\">\n\t\t\t\t\t<div class=\"e-con-inner\">\n\t\t<div class=\"elementor-element elementor-element-38e1cfa e-con-full e-flex e-con e-parent\" data-id=\"38e1cfa\" data-element_type=\"container\">\n\t\t\t\t<div class=\"elementor-element elementor-element-b079b72 elementor-widget elementor-widget-heading\" data-id=\"b079b72\" data-element_type=\"widget\" data-widget_type=\"heading.default\">\n\t\t\t\t<div class=\"elementor-widget-container\">\n\t\t\t\t\t<h2 class=\"elementor-heading-title elementor-size-default\">Innenl\u00fcftung einfacher denn je!<\/h2>\t\t\t\t<\/div>\n\t\t\t\t<\/div>\n\t\t\t\t<\/div>\n\t\t<div class=\"elementor-element elementor-element-ac5af27 e-con-full e-flex e-con e-parent\" data-id=\"ac5af27\" data-element_type=\"container\">\n\t\t\t\t<div class=\"elementor-element elementor-element-686cdc8 elementor-widget elementor-widget-image\" data-id=\"686cdc8\" data-element_type=\"widget\" data-widget_type=\"image.default\">\n\t\t\t\t<div class=\"elementor-widget-container\">\n\t\t\t\t\t\t\t\t\t\t\t\t\t\t\t<img fetchpriority=\"high\" decoding=\"async\" width=\"800\" height=\"480\" src=\"https:\/\/www.iks-fenster.hr\/wp-content\/uploads\/2023\/07\/IKS-novosti-ventilacija.jpg\" class=\"attachment-large size-large wp-image-5167\" alt=\"\" srcset=\"https:\/\/www.iks-fenster.hr\/wp-content\/uploads\/2023\/07\/IKS-novosti-ventilacija.jpg 1000w, https:\/\/www.iks-fenster.hr\/wp-content\/uploads\/2023\/07\/IKS-novosti-ventilacija-300x180.jpg 300w, https:\/\/www.iks-fenster.hr\/wp-content\/uploads\/2023\/07\/IKS-novosti-ventilacija-768x461.jpg 768w\" sizes=\"(max-width: 800px) 100vw, 800px\" \/>\t\t\t\t\t\t\t\t\t\t\t\t\t\t\t<\/div>\n\t\t\t\t<\/div>\n\t\t\t\t<\/div>\n\t\t\t\t\t<\/div>\n\t\t\t\t<\/div>\n\t\t<div class=\"elementor-element elementor-element-c94f267 e-flex e-con-boxed e-con e-parent\" data-id=\"c94f267\" data-element_type=\"container\">\n\t\t\t\t\t<div class=\"e-con-inner\">\n\t\t\t\t<div class=\"elementor-element elementor-element-524d282 elementor-widget elementor-widget-text-editor\" data-id=\"524d282\" data-element_type=\"widget\" data-widget_type=\"text-editor.default\">\n\t\t\t\t<div class=\"elementor-widget-container\">\n\t\t\t\t\t\t\t\t\t<h4>Sorgen Sie f\u00fcr ein gesundes Raumklima: Wo die nat\u00fcrliche L\u00fcftung an ihre Grenzen st\u00f6\u00dft, sorgt eine integrierte L\u00fcftung f\u00fcr den n\u00f6tigen Luftaustausch<\/h4>\n<p>Moderne Fensterventilatoren, unverzichtbar im Innenbereich, sorgen f\u00fcr die Bel\u00fcftung feuchter und stickiger Luft im Freien und sorgen gleichzeitig f\u00fcr frische Luft im Inneren. Dies verhindert die Bildung von Schimmel und unangenehmen Ger\u00fcchen und reduziert den W\u00e4rmeverlust beim L\u00fcften. Es reduziert auch die Heizkosten und tr\u00e4gt zum Erhalt der menschlichen Gesundheit und der Wohnh\u00fclle bei. Nat\u00fcrliche Bel\u00fcftung durch Fenster ist einfach und effektiv, sie erm\u00f6glicht eine individuelle Regulierung von Temperatur, Qualit\u00e4t und Luftfeuchtigkeit, erfordert jedoch die Mitarbeit der Menschen im Raum.     <\/p>\n<p>Eine gezielte Bel\u00fcftung vermeidet die genannten Probleme und sorgt f\u00fcr einen angenehmen und energieeffizienten Innenraum. IKS Fenster bietet in seinem Angebot das intelligente L\u00fcftungssystem Gelan-Caire\u00ae an, das einen konstanten Luftstrom erm\u00f6glicht. Wenn Temperatur und Luftfeuchtigkeit des Raumklimas vom Ideal abweichen, bl\u00e4st das System verbrauchte Luft aus und bringt frische Luft in den Raum.    <\/p>\n<p>Ein solches System spart dank des integrierten W\u00e4rmetauschers mehr Energie als das \u00d6ffnen des Fensters, da die durch die L\u00fcftungsanlage in den Raum einstr\u00f6mende Frischluft nicht nur ges\u00fcnder, sondern auch erw\u00e4rmt ist.<\/p>\n<p>Fensterventilatormodelle wie der bereits erw\u00e4hnte Gelan-Caire\u00ae smart k\u00f6nnen \u00fcber ein WLAN-Netzwerk gesteuert werden. Dar\u00fcber hinaus verhindern geschlossene Fenster das Eindringen von Insekten und der Schallschutz mit integrierter L\u00fcftung kann verbessert werden, da die Fenster geschlossen bleiben k\u00f6nnen und ein Luftaustausch gew\u00e4hrleistet ist.   <\/p>\n<p>Selbstverst\u00e4ndlich eignen sich die Fensterl\u00fcfter von Gealan sowohl f\u00fcr den Neubau als auch f\u00fcr renovierungsbed\u00fcrftige Wohngeb\u00e4ude.<\/p>\n\t\t\t\t\t\t\t\t<\/div>\n\t\t\t\t<\/div>\n\t\t\t\t\t<\/div>\n\t\t\t\t<\/div>\n\t\t<div class=\"elementor-element elementor-element-e0a1940 e-flex e-con-boxed e-con e-parent\" data-id=\"e0a1940\" data-element_type=\"container\">\n\t\t\t\t\t<div class=\"e-con-inner\">\n\t\t<div class=\"elementor-element elementor-element-fbf676c e-con-full e-flex e-con e-parent\" data-id=\"fbf676c\" data-element_type=\"container\">\n\t\t\t\t<div class=\"elementor-element elementor-element-0908e60 elementor-widget elementor-widget-image\" data-id=\"0908e60\" data-element_type=\"widget\" data-widget_type=\"image.default\">\n\t\t\t\t<div class=\"elementor-widget-container\">\n\t\t\t\t\t\t\t\t\t\t\t\t\t\t\t<img decoding=\"async\" width=\"800\" height=\"889\" src=\"https:\/\/www.iks-fenster.hr\/wp-content\/uploads\/2023\/07\/ventilacija1-922x1024.jpg\" class=\"attachment-large size-large wp-image-5177\" alt=\"\" srcset=\"https:\/\/www.iks-fenster.hr\/wp-content\/uploads\/2023\/07\/ventilacija1-922x1024.jpg 922w, https:\/\/www.iks-fenster.hr\/wp-content\/uploads\/2023\/07\/ventilacija1-270x300.jpg 270w, https:\/\/www.iks-fenster.hr\/wp-content\/uploads\/2023\/07\/ventilacija1-768x853.jpg 768w, https:\/\/www.iks-fenster.hr\/wp-content\/uploads\/2023\/07\/ventilacija1-1384x1536.jpg 1384w, https:\/\/www.iks-fenster.hr\/wp-content\/uploads\/2023\/07\/ventilacija1.jpg 1434w\" sizes=\"(max-width: 800px) 100vw, 800px\" \/>\t\t\t\t\t\t\t\t\t\t\t\t\t\t\t<\/div>\n\t\t\t\t<\/div>\n\t\t\t\t<\/div>\n\t\t<div class=\"elementor-element elementor-element-11c8181 e-con-full e-flex e-con e-parent\" data-id=\"11c8181\" data-element_type=\"container\">\n\t\t\t\t<div class=\"elementor-element elementor-element-54120d1 elementor-widget elementor-widget-image\" data-id=\"54120d1\" data-element_type=\"widget\" data-widget_type=\"image.default\">\n\t\t\t\t<div class=\"elementor-widget-container\">\n\t\t\t\t\t\t\t\t\t\t\t\t\t\t\t<img decoding=\"async\" width=\"800\" height=\"482\" src=\"https:\/\/www.iks-fenster.hr\/wp-content\/uploads\/2023\/07\/Raumsituation-GEALAN-CAIRE.jpg\" class=\"attachment-large size-large wp-image-5179\" alt=\"\" srcset=\"https:\/\/www.iks-fenster.hr\/wp-content\/uploads\/2023\/07\/Raumsituation-GEALAN-CAIRE.jpg 800w, https:\/\/www.iks-fenster.hr\/wp-content\/uploads\/2023\/07\/Raumsituation-GEALAN-CAIRE-300x181.jpg 300w, https:\/\/www.iks-fenster.hr\/wp-content\/uploads\/2023\/07\/Raumsituation-GEALAN-CAIRE-768x463.jpg 768w\" sizes=\"(max-width: 800px) 100vw, 800px\" \/>\t\t\t\t\t\t\t\t\t\t\t\t\t\t\t<\/div>\n\t\t\t\t<\/div>\n\t\t\t\t<\/div>\n\t\t\t\t\t<\/div>\n\t\t\t\t<\/div>\n\t\t\t\t<\/div>\n\t\t","protected":false},"excerpt":{"rendered":"<p>Innenl\u00fcftung einfacher denn je! Sorgen Sie f\u00fcr ein gesundes Raumklima: Wo die nat\u00fcrliche L\u00fcftung an ihre Grenzen st\u00f6\u00dft, sorgt eine integrierte L\u00fcftung f\u00fcr den n\u00f6tigen Luftaustausch Moderne Fensterventilatoren, unverzichtbar im Innenbereich, sorgen f\u00fcr die Bel\u00fcftung feuchter und stickiger Luft im Freien und sorgen gleichzeitig f\u00fcr frische Luft im Inneren. Dies verhindert die Bildung von Schimmel [&hellip;]<\/p>\n","protected":false},"author":1,"featured_media":5167,"comment_status":"closed","ping_status":"closed","sticky":false,"template":"elementor_theme","format":"standard","meta":{"_acf_changed":false,"footnotes":""},"categories":[7],"tags":[],"class_list":["post-5228","post","type-post","status-publish","format-standard","has-post-thumbnail","hentry","category-unkategorisiert"],"acf":[],"yoast_head":"<!-- This site is optimized with the Yoast SEO plugin v26.7 - https:\/\/yoast.com\/wordpress\/plugins\/seo\/ -->\n<title>INTERNE BEL\u00dcFTUNG - IKS Fenster<\/title>\n<meta name=\"robots\" content=\"index, follow, max-snippet:-1, max-image-preview:large, max-video-preview:-1\" \/>\n<link rel=\"canonical\" href=\"https:\/\/www.iks-fenster.hr\/de\/interne-belueftung\/\" \/>\n<meta property=\"og:locale\" content=\"de_DE\" \/>\n<meta property=\"og:type\" content=\"article\" \/>\n<meta property=\"og:title\" content=\"INTERNE BEL\u00dcFTUNG - IKS Fenster\" \/>\n<meta property=\"og:description\" content=\"Innenl\u00fcftung einfacher denn je! Sorgen Sie f\u00fcr ein gesundes Raumklima: Wo die nat\u00fcrliche L\u00fcftung an ihre Grenzen st\u00f6\u00dft, sorgt eine integrierte L\u00fcftung f\u00fcr den n\u00f6tigen Luftaustausch Moderne Fensterventilatoren, unverzichtbar im Innenbereich, sorgen f\u00fcr die Bel\u00fcftung feuchter und stickiger Luft im Freien und sorgen gleichzeitig f\u00fcr frische Luft im Inneren. Dies verhindert die Bildung von Schimmel [&hellip;]\" \/>\n<meta property=\"og:url\" content=\"https:\/\/www.iks-fenster.hr\/de\/interne-belueftung\/\" \/>\n<meta property=\"og:site_name\" content=\"IKS Fenster\" \/>\n<meta property=\"article:published_time\" content=\"2023-07-28T11:41:35+00:00\" \/>\n<meta property=\"article:modified_time\" content=\"2024-09-10T10:52:28+00:00\" \/>\n<meta property=\"og:image\" content=\"https:\/\/www.iks-fenster.hr\/wp-content\/uploads\/2023\/07\/IKS-novosti-ventilacija.jpg\" \/>\n\t<meta property=\"og:image:width\" content=\"1000\" \/>\n\t<meta property=\"og:image:height\" content=\"600\" \/>\n\t<meta property=\"og:image:type\" content=\"image\/jpeg\" \/>\n<meta name=\"author\" content=\"zarko.zdorc@gmail.com\" \/>\n<meta name=\"twitter:card\" content=\"summary_large_image\" \/>\n<meta name=\"twitter:label1\" content=\"Verfasst von\" \/>\n\t<meta name=\"twitter:data1\" content=\"zarko.zdorc@gmail.com\" \/>\n\t<meta name=\"twitter:label2\" content=\"Gesch\u00e4tzte Lesezeit\" \/>\n\t<meta name=\"twitter:data2\" content=\"1\u00a0Minute\" \/>\n<script type=\"application\/ld+json\" class=\"yoast-schema-graph\">{\"@context\":\"https:\/\/schema.org\",\"@graph\":[{\"@type\":\"Article\",\"@id\":\"https:\/\/www.iks-fenster.hr\/de\/interne-belueftung\/#article\",\"isPartOf\":{\"@id\":\"https:\/\/www.iks-fenster.hr\/de\/interne-belueftung\/\"},\"author\":{\"name\":\"zarko.zdorc@gmail.com\",\"@id\":\"https:\/\/www.iks-fenster.hr\/de\/#\/schema\/person\/39abf21fffec48d1ecab37dc37bd581e\"},\"headline\":\"INTERNE BEL\u00dcFTUNG\",\"datePublished\":\"2023-07-28T11:41:35+00:00\",\"dateModified\":\"2024-09-10T10:52:28+00:00\",\"mainEntityOfPage\":{\"@id\":\"https:\/\/www.iks-fenster.hr\/de\/interne-belueftung\/\"},\"wordCount\":294,\"publisher\":{\"@id\":\"https:\/\/www.iks-fenster.hr\/de\/#organization\"},\"image\":{\"@id\":\"https:\/\/www.iks-fenster.hr\/de\/interne-belueftung\/#primaryimage\"},\"thumbnailUrl\":\"https:\/\/www.iks-fenster.hr\/wp-content\/uploads\/2023\/07\/IKS-novosti-ventilacija.jpg\",\"articleSection\":[\"Unkategorisiert\"],\"inLanguage\":\"de\"},{\"@type\":\"WebPage\",\"@id\":\"https:\/\/www.iks-fenster.hr\/de\/interne-belueftung\/\",\"url\":\"https:\/\/www.iks-fenster.hr\/de\/interne-belueftung\/\",\"name\":\"INTERNE BEL\u00dcFTUNG - IKS Fenster\",\"isPartOf\":{\"@id\":\"https:\/\/www.iks-fenster.hr\/de\/#website\"},\"primaryImageOfPage\":{\"@id\":\"https:\/\/www.iks-fenster.hr\/de\/interne-belueftung\/#primaryimage\"},\"image\":{\"@id\":\"https:\/\/www.iks-fenster.hr\/de\/interne-belueftung\/#primaryimage\"},\"thumbnailUrl\":\"https:\/\/www.iks-fenster.hr\/wp-content\/uploads\/2023\/07\/IKS-novosti-ventilacija.jpg\",\"datePublished\":\"2023-07-28T11:41:35+00:00\",\"dateModified\":\"2024-09-10T10:52:28+00:00\",\"breadcrumb\":{\"@id\":\"https:\/\/www.iks-fenster.hr\/de\/interne-belueftung\/#breadcrumb\"},\"inLanguage\":\"de\",\"potentialAction\":[{\"@type\":\"ReadAction\",\"target\":[\"https:\/\/www.iks-fenster.hr\/de\/interne-belueftung\/\"]}]},{\"@type\":\"ImageObject\",\"inLanguage\":\"de\",\"@id\":\"https:\/\/www.iks-fenster.hr\/de\/interne-belueftung\/#primaryimage\",\"url\":\"https:\/\/www.iks-fenster.hr\/wp-content\/uploads\/2023\/07\/IKS-novosti-ventilacija.jpg\",\"contentUrl\":\"https:\/\/www.iks-fenster.hr\/wp-content\/uploads\/2023\/07\/IKS-novosti-ventilacija.jpg\",\"width\":1000,\"height\":600},{\"@type\":\"BreadcrumbList\",\"@id\":\"https:\/\/www.iks-fenster.hr\/de\/interne-belueftung\/#breadcrumb\",\"itemListElement\":[{\"@type\":\"ListItem\",\"position\":1,\"name\":\"Home\",\"item\":\"https:\/\/www.iks-fenster.hr\/de\/startseite\/\"},{\"@type\":\"ListItem\",\"position\":2,\"name\":\"INTERNE BEL\u00dcFTUNG\"}]},{\"@type\":\"WebSite\",\"@id\":\"https:\/\/www.iks-fenster.hr\/de\/#website\",\"url\":\"https:\/\/www.iks-fenster.hr\/de\/\",\"name\":\"IKS Fenster\",\"description\":\"\",\"publisher\":{\"@id\":\"https:\/\/www.iks-fenster.hr\/de\/#organization\"},\"potentialAction\":[{\"@type\":\"SearchAction\",\"target\":{\"@type\":\"EntryPoint\",\"urlTemplate\":\"https:\/\/www.iks-fenster.hr\/de\/?s={search_term_string}\"},\"query-input\":{\"@type\":\"PropertyValueSpecification\",\"valueRequired\":true,\"valueName\":\"search_term_string\"}}],\"inLanguage\":\"de\"},{\"@type\":\"Organization\",\"@id\":\"https:\/\/www.iks-fenster.hr\/de\/#organization\",\"name\":\"IKS Fenster\",\"url\":\"https:\/\/www.iks-fenster.hr\/de\/\",\"logo\":{\"@type\":\"ImageObject\",\"inLanguage\":\"de\",\"@id\":\"https:\/\/www.iks-fenster.hr\/de\/#\/schema\/logo\/image\/\",\"url\":\"https:\/\/iks-fenster.hr\/wp-content\/uploads\/2021\/03\/IKS-Fenster-Logo.png\",\"contentUrl\":\"https:\/\/iks-fenster.hr\/wp-content\/uploads\/2021\/03\/IKS-Fenster-Logo.png\",\"width\":612,\"height\":236,\"caption\":\"IKS Fenster\"},\"image\":{\"@id\":\"https:\/\/www.iks-fenster.hr\/de\/#\/schema\/logo\/image\/\"}},{\"@type\":\"Person\",\"@id\":\"https:\/\/www.iks-fenster.hr\/de\/#\/schema\/person\/39abf21fffec48d1ecab37dc37bd581e\",\"name\":\"zarko.zdorc@gmail.com\",\"image\":{\"@type\":\"ImageObject\",\"inLanguage\":\"de\",\"@id\":\"https:\/\/www.iks-fenster.hr\/de\/#\/schema\/person\/image\/\",\"url\":\"https:\/\/secure.gravatar.com\/avatar\/832c29da71bc73a4cce3f8f4f21ac0d550057ae2125f0d58c4507f317fc0561f?s=96&d=mm&r=g\",\"contentUrl\":\"https:\/\/secure.gravatar.com\/avatar\/832c29da71bc73a4cce3f8f4f21ac0d550057ae2125f0d58c4507f317fc0561f?s=96&d=mm&r=g\",\"caption\":\"zarko.zdorc@gmail.com\"},\"sameAs\":[\"http:\/\/agencijatrex.com\/iks\"],\"url\":\"https:\/\/www.iks-fenster.hr\/de\/author\/zarko-zdorcgmail-com\/\"}]}<\/script>\n<!-- \/ Yoast SEO plugin. -->","yoast_head_json":{"title":"INTERNE BEL\u00dcFTUNG - IKS Fenster","robots":{"index":"index","follow":"follow","max-snippet":"max-snippet:-1","max-image-preview":"max-image-preview:large","max-video-preview":"max-video-preview:-1"},"canonical":"https:\/\/www.iks-fenster.hr\/de\/interne-belueftung\/","og_locale":"de_DE","og_type":"article","og_title":"INTERNE BEL\u00dcFTUNG - IKS Fenster","og_description":"Innenl\u00fcftung einfacher denn je! Sorgen Sie f\u00fcr ein gesundes Raumklima: Wo die nat\u00fcrliche L\u00fcftung an ihre Grenzen st\u00f6\u00dft, sorgt eine integrierte L\u00fcftung f\u00fcr den n\u00f6tigen Luftaustausch Moderne Fensterventilatoren, unverzichtbar im Innenbereich, sorgen f\u00fcr die Bel\u00fcftung feuchter und stickiger Luft im Freien und sorgen gleichzeitig f\u00fcr frische Luft im Inneren. Dies verhindert die Bildung von Schimmel [&hellip;]","og_url":"https:\/\/www.iks-fenster.hr\/de\/interne-belueftung\/","og_site_name":"IKS Fenster","article_published_time":"2023-07-28T11:41:35+00:00","article_modified_time":"2024-09-10T10:52:28+00:00","og_image":[{"width":1000,"height":600,"url":"https:\/\/www.iks-fenster.hr\/wp-content\/uploads\/2023\/07\/IKS-novosti-ventilacija.jpg","type":"image\/jpeg"}],"author":"zarko.zdorc@gmail.com","twitter_card":"summary_large_image","twitter_misc":{"Verfasst von":"zarko.zdorc@gmail.com","Gesch\u00e4tzte Lesezeit":"1\u00a0Minute"},"schema":{"@context":"https:\/\/schema.org","@graph":[{"@type":"Article","@id":"https:\/\/www.iks-fenster.hr\/de\/interne-belueftung\/#article","isPartOf":{"@id":"https:\/\/www.iks-fenster.hr\/de\/interne-belueftung\/"},"author":{"name":"zarko.zdorc@gmail.com","@id":"https:\/\/www.iks-fenster.hr\/de\/#\/schema\/person\/39abf21fffec48d1ecab37dc37bd581e"},"headline":"INTERNE BEL\u00dcFTUNG","datePublished":"2023-07-28T11:41:35+00:00","dateModified":"2024-09-10T10:52:28+00:00","mainEntityOfPage":{"@id":"https:\/\/www.iks-fenster.hr\/de\/interne-belueftung\/"},"wordCount":294,"publisher":{"@id":"https:\/\/www.iks-fenster.hr\/de\/#organization"},"image":{"@id":"https:\/\/www.iks-fenster.hr\/de\/interne-belueftung\/#primaryimage"},"thumbnailUrl":"https:\/\/www.iks-fenster.hr\/wp-content\/uploads\/2023\/07\/IKS-novosti-ventilacija.jpg","articleSection":["Unkategorisiert"],"inLanguage":"de"},{"@type":"WebPage","@id":"https:\/\/www.iks-fenster.hr\/de\/interne-belueftung\/","url":"https:\/\/www.iks-fenster.hr\/de\/interne-belueftung\/","name":"INTERNE BEL\u00dcFTUNG - IKS Fenster","isPartOf":{"@id":"https:\/\/www.iks-fenster.hr\/de\/#website"},"primaryImageOfPage":{"@id":"https:\/\/www.iks-fenster.hr\/de\/interne-belueftung\/#primaryimage"},"image":{"@id":"https:\/\/www.iks-fenster.hr\/de\/interne-belueftung\/#primaryimage"},"thumbnailUrl":"https:\/\/www.iks-fenster.hr\/wp-content\/uploads\/2023\/07\/IKS-novosti-ventilacija.jpg","datePublished":"2023-07-28T11:41:35+00:00","dateModified":"2024-09-10T10:52:28+00:00","breadcrumb":{"@id":"https:\/\/www.iks-fenster.hr\/de\/interne-belueftung\/#breadcrumb"},"inLanguage":"de","potentialAction":[{"@type":"ReadAction","target":["https:\/\/www.iks-fenster.hr\/de\/interne-belueftung\/"]}]},{"@type":"ImageObject","inLanguage":"de","@id":"https:\/\/www.iks-fenster.hr\/de\/interne-belueftung\/#primaryimage","url":"https:\/\/www.iks-fenster.hr\/wp-content\/uploads\/2023\/07\/IKS-novosti-ventilacija.jpg","contentUrl":"https:\/\/www.iks-fenster.hr\/wp-content\/uploads\/2023\/07\/IKS-novosti-ventilacija.jpg","width":1000,"height":600},{"@type":"BreadcrumbList","@id":"https:\/\/www.iks-fenster.hr\/de\/interne-belueftung\/#breadcrumb","itemListElement":[{"@type":"ListItem","position":1,"name":"Home","item":"https:\/\/www.iks-fenster.hr\/de\/startseite\/"},{"@type":"ListItem","position":2,"name":"INTERNE BEL\u00dcFTUNG"}]},{"@type":"WebSite","@id":"https:\/\/www.iks-fenster.hr\/de\/#website","url":"https:\/\/www.iks-fenster.hr\/de\/","name":"IKS Fenster","description":"","publisher":{"@id":"https:\/\/www.iks-fenster.hr\/de\/#organization"},"potentialAction":[{"@type":"SearchAction","target":{"@type":"EntryPoint","urlTemplate":"https:\/\/www.iks-fenster.hr\/de\/?s={search_term_string}"},"query-input":{"@type":"PropertyValueSpecification","valueRequired":true,"valueName":"search_term_string"}}],"inLanguage":"de"},{"@type":"Organization","@id":"https:\/\/www.iks-fenster.hr\/de\/#organization","name":"IKS Fenster","url":"https:\/\/www.iks-fenster.hr\/de\/","logo":{"@type":"ImageObject","inLanguage":"de","@id":"https:\/\/www.iks-fenster.hr\/de\/#\/schema\/logo\/image\/","url":"https:\/\/iks-fenster.hr\/wp-content\/uploads\/2021\/03\/IKS-Fenster-Logo.png","contentUrl":"https:\/\/iks-fenster.hr\/wp-content\/uploads\/2021\/03\/IKS-Fenster-Logo.png","width":612,"height":236,"caption":"IKS Fenster"},"image":{"@id":"https:\/\/www.iks-fenster.hr\/de\/#\/schema\/logo\/image\/"}},{"@type":"Person","@id":"https:\/\/www.iks-fenster.hr\/de\/#\/schema\/person\/39abf21fffec48d1ecab37dc37bd581e","name":"zarko.zdorc@gmail.com","image":{"@type":"ImageObject","inLanguage":"de","@id":"https:\/\/www.iks-fenster.hr\/de\/#\/schema\/person\/image\/","url":"https:\/\/secure.gravatar.com\/avatar\/832c29da71bc73a4cce3f8f4f21ac0d550057ae2125f0d58c4507f317fc0561f?s=96&d=mm&r=g","contentUrl":"https:\/\/secure.gravatar.com\/avatar\/832c29da71bc73a4cce3f8f4f21ac0d550057ae2125f0d58c4507f317fc0561f?s=96&d=mm&r=g","caption":"zarko.zdorc@gmail.com"},"sameAs":["http:\/\/agencijatrex.com\/iks"],"url":"https:\/\/www.iks-fenster.hr\/de\/author\/zarko-zdorcgmail-com\/"}]}},"_links":{"self":[{"href":"https:\/\/www.iks-fenster.hr\/de\/wp-json\/wp\/v2\/posts\/5228","targetHints":{"allow":["GET"]}}],"collection":[{"href":"https:\/\/www.iks-fenster.hr\/de\/wp-json\/wp\/v2\/posts"}],"about":[{"href":"https:\/\/www.iks-fenster.hr\/de\/wp-json\/wp\/v2\/types\/post"}],"author":[{"embeddable":true,"href":"https:\/\/www.iks-fenster.hr\/de\/wp-json\/wp\/v2\/users\/1"}],"replies":[{"embeddable":true,"href":"https:\/\/www.iks-fenster.hr\/de\/wp-json\/wp\/v2\/comments?post=5228"}],"version-history":[{"count":2,"href":"https:\/\/www.iks-fenster.hr\/de\/wp-json\/wp\/v2\/posts\/5228\/revisions"}],"predecessor-version":[{"id":5230,"href":"https:\/\/www.iks-fenster.hr\/de\/wp-json\/wp\/v2\/posts\/5228\/revisions\/5230"}],"wp:featuredmedia":[{"embeddable":true,"href":"https:\/\/www.iks-fenster.hr\/de\/wp-json\/wp\/v2\/media\/5167"}],"wp:attachment":[{"href":"https:\/\/www.iks-fenster.hr\/de\/wp-json\/wp\/v2\/media?parent=5228"}],"wp:term":[{"taxonomy":"category","embeddable":true,"href":"https:\/\/www.iks-fenster.hr\/de\/wp-json\/wp\/v2\/categories?post=5228"},{"taxonomy":"post_tag","embeddable":true,"href":"https:\/\/www.iks-fenster.hr\/de\/wp-json\/wp\/v2\/tags?post=5228"}],"curies":[{"name":"wp","href":"https:\/\/api.w.org\/{rel}","templated":true}]}}